{"id":2316,"count":27,"description":"<p class=\"sectionSubTitle\">Nuevo servicio de alquiler de maquinaria para jardiner\u00eda, agricultura y trabajos forestales. Desbrozadoras, motosierras, cortasetos o trituradoras son algunas de las m\u00e1quinas que, a partir de ahora, puedes alquilar en SAIGA. Reserva o consulta la disponibilidad de la maquinaria realizando una reserva por tel\u00e9fono, a trav\u00e9s de whatsapp en el <a href=\"tel:972671999\">972671999<\/a> o en nuestras tiendas f\u00edsicas, con 24 horas de antelaci\u00f3n. Para efectuar el alquiler ser\u00e1 necesario pagar una fianza a partir de 150 \u20ac (depende de la m\u00e1quina) y firmar un contrato donde se especifica la duraci\u00f3n del alquiler y la normativa. M\u00e1s informaci\u00f3n: <a href=\"mailto:info@saiga.es\">info@saiga.es<\/a><\/p>","link":"https:\/\/saiga.es\/es\/categoria-es\/alquiler-de-maquinaria\/","name":"Alquiler de maquinaria","slug":"alquiler-de-maquinaria","taxonomy":"product_cat","parent":0,"meta":{"b2bking_group_b2c":["1"],"b2bking_group_0":["1"],"b2bking_group_15862":["1"],"b2bking_group_15836":["1"]},"menu_order":0,"yoast_head":"<!-- This site is optimized with the Yoast SEO plugin v27.5 - https:\/\/yoast.com\/product\/yoast-seo-wordpress\/ -->\n<title>Alquiler de maquinaria | SAIGA<\/title>\n<meta name=\"robots\" content=\"index, follow, max-snippet:-1, max-image-preview:large, max-video-preview:-1\" \/>\n<link rel=\"canonical\" href=\"https:\/\/saiga.es\/es\/categoria-es\/alquiler-de-maquinaria\/\" \/>\n<meta property=\"og:locale\" content=\"es_ES\" \/>\n<meta property=\"og:type\" content=\"article\" \/>\n<meta property=\"og:title\" content=\"Alquiler de maquinaria | SAIGA\" \/>\n<meta property=\"og:description\" content=\"Nuevo servicio de alquiler de maquinaria para jardiner\u00eda, agricultura y trabajos forestales. Desbrozadoras, motosierras, cortasetos o trituradoras son algunas de las m\u00e1quinas que, a partir de ahora, puedes alquilar en SAIGA. Reserva o consulta la disponibilidad de la maquinaria realizando una reserva por tel\u00e9fono, a trav\u00e9s de whatsapp en el 972671999 o en nuestras tiendas f\u00edsicas, con 24 horas de antelaci\u00f3n. Para efectuar el alquiler ser\u00e1 necesario pagar una fianza a partir de 150 \u20ac (depende de la m\u00e1quina) y firmar un contrato donde se especifica la duraci\u00f3n del alquiler y la normativa. M\u00e1s informaci\u00f3n: info@saiga.es\" \/>\n<meta property=\"og:url\" content=\"https:\/\/saiga.es\/es\/categoria-es\/alquiler-de-maquinaria\/\" \/>\n<meta property=\"og:site_name\" content=\"SAIGA\" \/>\n<meta property=\"og:image\" content=\"https:\/\/saiga.es\/wp-content\/uploads\/2023\/11\/opengraph_saiga.jpg\" \/>\n\t<meta property=\"og:image:width\" content=\"1200\" \/>\n\t<meta property=\"og:image:height\" content=\"627\" \/>\n\t<meta property=\"og:image:type\" content=\"image\/jpeg\" \/>\n<meta name=\"twitter:card\" content=\"summary_large_image\" \/>\n<meta name=\"twitter:site\" content=\"@saiga_agro\" \/>\n<script type=\"application\/ld+json\" class=\"yoast-schema-graph\">{\"@context\":\"https:\\\/\\\/schema.org\",\"@graph\":[{\"@type\":\"CollectionPage\",\"@id\":\"https:\\\/\\\/saiga.es\\\/es\\\/categoria-es\\\/alquiler-de-maquinaria\\\/\",\"url\":\"https:\\\/\\\/saiga.es\\\/es\\\/categoria-es\\\/alquiler-de-maquinaria\\\/\",\"name\":\"Alquiler de maquinaria | SAIGA\",\"isPartOf\":{\"@id\":\"https:\\\/\\\/saiga.es\\\/es\\\/#website\"},\"breadcrumb\":{\"@id\":\"https:\\\/\\\/saiga.es\\\/es\\\/categoria-es\\\/alquiler-de-maquinaria\\\/#breadcrumb\"},\"inLanguage\":\"es\"},{\"@type\":\"BreadcrumbList\",\"@id\":\"https:\\\/\\\/saiga.es\\\/es\\\/categoria-es\\\/alquiler-de-maquinaria\\\/#breadcrumb\",\"itemListElement\":[{\"@type\":\"ListItem\",\"position\":1,\"name\":\"Inici\",\"item\":\"https:\\\/\\\/saiga.es\\\/es\\\/\"},{\"@type\":\"ListItem\",\"position\":2,\"name\":\"Alquiler de maquinaria\"}]},{\"@type\":\"WebSite\",\"@id\":\"https:\\\/\\\/saiga.es\\\/es\\\/#website\",\"url\":\"https:\\\/\\\/saiga.es\\\/es\\\/\",\"name\":\"SAIGA\",\"description\":\"M\u00e9s de 50 anys al servei de la terra i treballant per a un \u00fas eficient de l\u2019aigua!\",\"publisher\":{\"@id\":\"https:\\\/\\\/saiga.es\\\/es\\\/#organization\"},\"potentialAction\":[{\"@type\":\"SearchAction\",\"target\":{\"@type\":\"EntryPoint\",\"urlTemplate\":\"https:\\\/\\\/saiga.es\\\/es\\\/?s={search_term_string}\"},\"query-input\":{\"@type\":\"PropertyValueSpecification\",\"valueRequired\":true,\"valueName\":\"search_term_string\"}}],\"inLanguage\":\"es\"},{\"@type\":\"Organization\",\"@id\":\"https:\\\/\\\/saiga.es\\\/es\\\/#organization\",\"name\":\"SAIGA\",\"url\":\"https:\\\/\\\/saiga.es\\\/es\\\/\",\"logo\":{\"@type\":\"ImageObject\",\"inLanguage\":\"es\",\"@id\":\"https:\\\/\\\/saiga.es\\\/es\\\/#\\\/schema\\\/logo\\\/image\\\/\",\"url\":\"https:\\\/\\\/saiga.es\\\/wp-content\\\/uploads\\\/2025\\\/07\\\/logo_saiga_baseline_optimitzat.svg\",\"contentUrl\":\"https:\\\/\\\/saiga.es\\\/wp-content\\\/uploads\\\/2025\\\/07\\\/logo_saiga_baseline_optimitzat.svg\",\"caption\":\"SAIGA\"},\"image\":{\"@id\":\"https:\\\/\\\/saiga.es\\\/es\\\/#\\\/schema\\\/logo\\\/image\\\/\"},\"sameAs\":[\"https:\\\/\\\/x.com\\\/saiga_agro\",\"https:\\\/\\\/www.instagram.com\\\/saiga_agro\\\/\"]}]}<\/script>\n<!-- \/ Yoast SEO plugin. -->","yoast_head_json":{"title":"Alquiler de maquinaria | SAIGA","robots":{"index":"index","follow":"follow","max-snippet":"max-snippet:-1","max-image-preview":"max-image-preview:large","max-video-preview":"max-video-preview:-1"},"canonical":"https:\/\/saiga.es\/es\/categoria-es\/alquiler-de-maquinaria\/","og_locale":"es_ES","og_type":"article","og_title":"Alquiler de maquinaria | SAIGA","og_description":"Nuevo servicio de alquiler de maquinaria para jardiner\u00eda, agricultura y trabajos forestales. Desbrozadoras, motosierras, cortasetos o trituradoras son algunas de las m\u00e1quinas que, a partir de ahora, puedes alquilar en SAIGA. Reserva o consulta la disponibilidad de la maquinaria realizando una reserva por tel\u00e9fono, a trav\u00e9s de whatsapp en el 972671999 o en nuestras tiendas f\u00edsicas, con 24 horas de antelaci\u00f3n. Para efectuar el alquiler ser\u00e1 necesario pagar una fianza a partir de 150 \u20ac (depende de la m\u00e1quina) y firmar un contrato donde se especifica la duraci\u00f3n del alquiler y la normativa. M\u00e1s informaci\u00f3n: info@saiga.es","og_url":"https:\/\/saiga.es\/es\/categoria-es\/alquiler-de-maquinaria\/","og_site_name":"SAIGA","og_image":[{"width":1200,"height":627,"url":"https:\/\/saiga.es\/wp-content\/uploads\/2023\/11\/opengraph_saiga.jpg","type":"image\/jpeg"}],"twitter_card":"summary_large_image","twitter_site":"@saiga_agro","schema":{"@context":"https:\/\/schema.org","@graph":[{"@type":"CollectionPage","@id":"https:\/\/saiga.es\/es\/categoria-es\/alquiler-de-maquinaria\/","url":"https:\/\/saiga.es\/es\/categoria-es\/alquiler-de-maquinaria\/","name":"Alquiler de maquinaria | SAIGA","isPartOf":{"@id":"https:\/\/saiga.es\/es\/#website"},"breadcrumb":{"@id":"https:\/\/saiga.es\/es\/categoria-es\/alquiler-de-maquinaria\/#breadcrumb"},"inLanguage":"es"},{"@type":"BreadcrumbList","@id":"https:\/\/saiga.es\/es\/categoria-es\/alquiler-de-maquinaria\/#breadcrumb","itemListElement":[{"@type":"ListItem","position":1,"name":"Inici","item":"https:\/\/saiga.es\/es\/"},{"@type":"ListItem","position":2,"name":"Alquiler de maquinaria"}]},{"@type":"WebSite","@id":"https:\/\/saiga.es\/es\/#website","url":"https:\/\/saiga.es\/es\/","name":"SAIGA","description":"M\u00e9s de 50 anys al servei de la terra i treballant per a un \u00fas eficient de l\u2019aigua!","publisher":{"@id":"https:\/\/saiga.es\/es\/#organization"},"potentialAction":[{"@type":"SearchAction","target":{"@type":"EntryPoint","urlTemplate":"https:\/\/saiga.es\/es\/?s={search_term_string}"},"query-input":{"@type":"PropertyValueSpecification","valueRequired":true,"valueName":"search_term_string"}}],"inLanguage":"es"},{"@type":"Organization","@id":"https:\/\/saiga.es\/es\/#organization","name":"SAIGA","url":"https:\/\/saiga.es\/es\/","logo":{"@type":"ImageObject","inLanguage":"es","@id":"https:\/\/saiga.es\/es\/#\/schema\/logo\/image\/","url":"https:\/\/saiga.es\/wp-content\/uploads\/2025\/07\/logo_saiga_baseline_optimitzat.svg","contentUrl":"https:\/\/saiga.es\/wp-content\/uploads\/2025\/07\/logo_saiga_baseline_optimitzat.svg","caption":"SAIGA"},"image":{"@id":"https:\/\/saiga.es\/es\/#\/schema\/logo\/image\/"},"sameAs":["https:\/\/x.com\/saiga_agro","https:\/\/www.instagram.com\/saiga_agro\/"]}]}},"_links":{"self":[{"href":"https:\/\/saiga.es\/es\/wp-json\/wp\/v2\/product_cat\/2316","targetHints":{"allow":["GET"]}}],"collection":[{"href":"https:\/\/saiga.es\/es\/wp-json\/wp\/v2\/product_cat"}],"about":[{"href":"https:\/\/saiga.es\/es\/wp-json\/wp\/v2\/taxonomies\/product_cat"}],"wp:post_type":[{"href":"https:\/\/saiga.es\/es\/wp-json\/wp\/v2\/product?product_cat=2316"}],"curies":[{"name":"wp","href":"https:\/\/api.w.org\/{rel}","templated":true}]}}